{"id":2094,"date":"2019-07-08T23:08:59","date_gmt":"2019-07-08T21:08:59","guid":{"rendered":"https:\/\/www.perego1963.it\/2019\/07\/08\/casa-in-costa-azzurra\/"},"modified":"2020-12-07T19:24:38","modified_gmt":"2020-12-07T18:24:38","slug":"casa-in-costa-azzurra","status":"publish","type":"post","link":"https:\/\/www.perego1963.it\/fr\/2019\/07\/08\/casa-in-costa-azzurra\/","title":{"rendered":"Maison sur la C\u00f4te d\u2019Azur"},"content":{"rendered":"\n<p>Dans une maison construite sur une roche qui rend les int\u00e9rieurs suggestifs.\nR\u00e9alisation d\u2019une cuisine laqu\u00e9e opaque couleur bleu clair, salles de bain contreplaqu\u00e9es avec rev\u00eatement \u00e0 mosa\u00efque. Armoires couleur pastel.<\/p>\n","protected":false},"excerpt":{"rendered":"<p>Dans une maison construite sur une roche qui rend les int\u00e9rieurs suggestifs. R\u00e9alisation d\u2019une cuisine laqu\u00e9e opaque couleur bleu clair, salles de bain contreplaqu\u00e9es avec rev\u00eatement \u00e0 mosa\u00efque. Armoires couleur pastel.<\/p>\n","protected":false},"author":1,"featured_media":2095,"comment_status":"open","ping_status":"open","sticky":false,"template":"","format":"standard","meta":{"ngg_post_thumbnail":0},"categories":[74],"tags":[],"yoast_head":"<!-- This site is optimized with the Yoast SEO plugin v15.5 - https:\/\/yoast.com\/wordpress\/plugins\/seo\/ -->\n<title>Maison sur la C\u00f4te d\u2019Azur - Perego1963<\/title>\n<meta name=\"robots\" content=\"index, follow, max-snippet:-1, max-image-preview:large, max-video-preview:-1\" \/>\n<link rel=\"canonical\" href=\"https:\/\/www.perego1963.it\/fr\/2019\/07\/08\/casa-in-costa-azzurra\/\" \/>\n<meta property=\"og:locale\" content=\"fr_FR\" \/>\n<meta property=\"og:type\" content=\"article\" \/>\n<meta property=\"og:title\" content=\"Maison sur la C\u00f4te d\u2019Azur - Perego1963\" \/>\n<meta property=\"og:description\" content=\"Dans une maison construite sur une roche qui rend les int\u00e9rieurs suggestifs. R\u00e9alisation d\u2019une cuisine laqu\u00e9e opaque couleur bleu clair, salles de bain contreplaqu\u00e9es avec rev\u00eatement \u00e0 mosa\u00efque. Armoires couleur pastel.\" \/>\n<meta property=\"og:url\" content=\"https:\/\/www.perego1963.it\/fr\/2019\/07\/08\/casa-in-costa-azzurra\/\" \/>\n<meta property=\"og:site_name\" content=\"Perego1963\" \/>\n<meta property=\"article:published_time\" content=\"2019-07-08T21:08:59+00:00\" \/>\n<meta property=\"article:modified_time\" content=\"2020-12-07T18:24:38+00:00\" \/>\n<meta property=\"og:image\" content=\"https:\/\/www.perego1963.it\/wp-content\/uploads\/2019\/07\/lab_costazzurra_1.jpg\" \/>\n\t<meta property=\"og:image:width\" content=\"1440\" \/>\n\t<meta property=\"og:image:height\" content=\"1084\" \/>\n<meta name=\"twitter:card\" content=\"summary_large_image\" \/>\n<meta name=\"twitter:creator\" content=\"@PeregoEmanuele\" \/>\n<meta name=\"twitter:site\" content=\"@PeregoEmanuele\" \/>\n<meta name=\"twitter:label1\" content=\"Dur\u00e9e de lecture est.\">\n\t<meta name=\"twitter:data1\" content=\"0 minute\">\n<script type=\"application\/ld+json\" class=\"yoast-schema-graph\">{\"@context\":\"https:\/\/schema.org\",\"@graph\":[{\"@type\":\"Organization\",\"@id\":\"https:\/\/www.perego1963.it\/#organization\",\"name\":\"Perego1963\",\"url\":\"https:\/\/www.perego1963.it\/\",\"sameAs\":[\"https:\/\/www.linkedin.com\/in\/emanuele-perego-5296a423\/\",\"https:\/\/twitter.com\/PeregoEmanuele\"],\"logo\":{\"@type\":\"ImageObject\",\"@id\":\"https:\/\/www.perego1963.it\/#logo\",\"inLanguage\":\"fr-FR\",\"url\":\"https:\/\/www.perego1963.it\/wp-content\/uploads\/2019\/10\/logo_perego.png\",\"width\":338,\"height\":122,\"caption\":\"Perego1963\"},\"image\":{\"@id\":\"https:\/\/www.perego1963.it\/#logo\"}},{\"@type\":\"WebSite\",\"@id\":\"https:\/\/www.perego1963.it\/#website\",\"url\":\"https:\/\/www.perego1963.it\/\",\"name\":\"Perego1963\",\"description\":\"\",\"publisher\":{\"@id\":\"https:\/\/www.perego1963.it\/#organization\"},\"potentialAction\":[{\"@type\":\"SearchAction\",\"target\":\"https:\/\/www.perego1963.it\/?s={search_term_string}\",\"query-input\":\"required name=search_term_string\"}],\"inLanguage\":\"fr-FR\"},{\"@type\":\"ImageObject\",\"@id\":\"https:\/\/www.perego1963.it\/fr\/2019\/07\/08\/casa-in-costa-azzurra\/#primaryimage\",\"inLanguage\":\"fr-FR\",\"url\":\"https:\/\/www.perego1963.it\/wp-content\/uploads\/2019\/07\/lab_costazzurra_1.jpg\",\"width\":1440,\"height\":1084},{\"@type\":\"WebPage\",\"@id\":\"https:\/\/www.perego1963.it\/fr\/2019\/07\/08\/casa-in-costa-azzurra\/#webpage\",\"url\":\"https:\/\/www.perego1963.it\/fr\/2019\/07\/08\/casa-in-costa-azzurra\/\",\"name\":\"Maison sur la C\\u00f4te d\\u2019Azur - Perego1963\",\"isPartOf\":{\"@id\":\"https:\/\/www.perego1963.it\/#website\"},\"primaryImageOfPage\":{\"@id\":\"https:\/\/www.perego1963.it\/fr\/2019\/07\/08\/casa-in-costa-azzurra\/#primaryimage\"},\"datePublished\":\"2019-07-08T21:08:59+00:00\",\"dateModified\":\"2020-12-07T18:24:38+00:00\",\"inLanguage\":\"fr-FR\",\"potentialAction\":[{\"@type\":\"ReadAction\",\"target\":[\"https:\/\/www.perego1963.it\/fr\/2019\/07\/08\/casa-in-costa-azzurra\/\"]}]},{\"@type\":\"Article\",\"@id\":\"https:\/\/www.perego1963.it\/fr\/2019\/07\/08\/casa-in-costa-azzurra\/#article\",\"isPartOf\":{\"@id\":\"https:\/\/www.perego1963.it\/fr\/2019\/07\/08\/casa-in-costa-azzurra\/#webpage\"},\"author\":{\"@id\":\"https:\/\/www.perego1963.it\/#\/schema\/person\/122a47c81c2df56fece23a2e8ca0ea24\"},\"headline\":\"Maison sur la C\\u00f4te d\\u2019Azur\",\"datePublished\":\"2019-07-08T21:08:59+00:00\",\"dateModified\":\"2020-12-07T18:24:38+00:00\",\"mainEntityOfPage\":{\"@id\":\"https:\/\/www.perego1963.it\/fr\/2019\/07\/08\/casa-in-costa-azzurra\/#webpage\"},\"commentCount\":0,\"publisher\":{\"@id\":\"https:\/\/www.perego1963.it\/#organization\"},\"image\":{\"@id\":\"https:\/\/www.perego1963.it\/fr\/2019\/07\/08\/casa-in-costa-azzurra\/#primaryimage\"},\"articleSection\":\"Lab\",\"inLanguage\":\"fr-FR\",\"potentialAction\":[{\"@type\":\"CommentAction\",\"name\":\"Comment\",\"target\":[\"https:\/\/www.perego1963.it\/fr\/2019\/07\/08\/casa-in-costa-azzurra\/#respond\"]}]},{\"@type\":\"Person\",\"@id\":\"https:\/\/www.perego1963.it\/#\/schema\/person\/122a47c81c2df56fece23a2e8ca0ea24\",\"name\":\"admin\",\"image\":{\"@type\":\"ImageObject\",\"@id\":\"https:\/\/www.perego1963.it\/#personlogo\",\"inLanguage\":\"fr-FR\",\"url\":\"https:\/\/secure.gravatar.com\/avatar\/dcabd5d4bb24f1cfe00c4d5f0c557fe2?s=96&d=mm&r=g\",\"caption\":\"admin\"}}]}<\/script>\n<!-- \/ Yoast SEO plugin. -->","_links":{"self":[{"href":"https:\/\/www.perego1963.it\/fr\/wp-json\/wp\/v2\/posts\/2094\/"}],"collection":[{"href":"https:\/\/www.perego1963.it\/fr\/wp-json\/wp\/v2\/posts\/"}],"about":[{"href":"https:\/\/www.perego1963.it\/fr\/wp-json\/wp\/v2\/types\/post\/"}],"author":[{"embeddable":true,"href":"https:\/\/www.perego1963.it\/fr\/wp-json\/wp\/v2\/users\/1\/"}],"replies":[{"embeddable":true,"href":"https:\/\/www.perego1963.it\/fr\/wp-json\/wp\/v2\/comments\/?post=2094"}],"version-history":[{"count":1,"href":"https:\/\/www.perego1963.it\/fr\/wp-json\/wp\/v2\/posts\/2094\/revisions\/"}],"predecessor-version":[{"id":2096,"href":"https:\/\/www.perego1963.it\/fr\/wp-json\/wp\/v2\/posts\/2094\/revisions\/2096\/"}],"wp:featuredmedia":[{"embeddable":true,"href":"https:\/\/www.perego1963.it\/fr\/wp-json\/wp\/v2\/media\/2095\/"}],"wp:attachment":[{"href":"https:\/\/www.perego1963.it\/fr\/wp-json\/wp\/v2\/media\/?parent=2094"}],"wp:term":[{"taxonomy":"category","embeddable":true,"href":"https:\/\/www.perego1963.it\/fr\/wp-json\/wp\/v2\/categories\/?post=2094"},{"taxonomy":"post_tag","embeddable":true,"href":"https:\/\/www.perego1963.it\/fr\/wp-json\/wp\/v2\/tags\/?post=2094"}],"curies":[{"name":"wp","href":"https:\/\/api.w.org\/{rel}","templated":true}]}}