{"id":1739,"date":"2019-07-10T23:33:40","date_gmt":"2019-07-10T21:33:40","guid":{"rendered":"https:\/\/www.perego1963.it\/2019\/07\/10\/tavolino-fuori-salone\/"},"modified":"2020-11-22T20:27:16","modified_gmt":"2020-11-22T19:27:16","slug":"tavolino-fuori-salone","status":"publish","type":"post","link":"https:\/\/www.perego1963.it\/es\/2019\/07\/10\/tavolino-fuori-salone\/","title":{"rendered":"Mesa \u201cFuori Salone\u201d"},"content":{"rendered":"\n<p>Se trata de una mesa dise\u00f1ada con motivo del \u201cSalone del mobile\u201d edici\u00f3n 2010. Concurso \u201cDise\u00f1ador por un d\u00eda\u201d. Est\u00e1 compuesto por un doble entrelazamiento de vol\u00famenes que produce la imagen de un s\u00f3lido colgante. Adem\u00e1s hay una figura lacada l\u00facida de color blanco, mientras que la otra es de madera de palisandro natural.<\/p>\n\n\n\n<p>Dimensiones cm 98 (L) x cm 95,5 (P) x cm 38 (A)<br>\nDise\u00f1ador Francesco Merati<\/p>\n","protected":false},"excerpt":{"rendered":"<p>Se trata de una mesa dise\u00f1ada con motivo del \u201cSalone del mobile\u201d edici\u00f3n 2010. Concurso \u201cDise\u00f1ador por un d\u00eda\u201d. Est\u00e1 compuesto por un doble entrelazamiento de vol\u00famenes que produce la imagen de un s\u00f3lido colgante. Adem\u00e1s hay una figura lacada l\u00facida de color blanco, mientras que la otra es de madera de palisandro natural. Dimensiones [&hellip;]<\/p>\n","protected":false},"author":1,"featured_media":1740,"comment_status":"open","ping_status":"open","sticky":false,"template":"","format":"standard","meta":{"ngg_post_thumbnail":0},"categories":[55],"tags":[],"yoast_head":"<!-- This site is optimized with the Yoast SEO plugin v15.5 - https:\/\/yoast.com\/wordpress\/plugins\/seo\/ -->\n<title>Mesa \u201cFuori Salone\u201d - Perego1963<\/title>\n<meta name=\"robots\" content=\"index, follow, max-snippet:-1, max-image-preview:large, max-video-preview:-1\" \/>\n<link rel=\"canonical\" href=\"https:\/\/www.perego1963.it\/es\/2019\/07\/10\/tavolino-fuori-salone\/\" \/>\n<meta property=\"og:locale\" content=\"es_ES\" \/>\n<meta property=\"og:type\" content=\"article\" \/>\n<meta property=\"og:title\" content=\"Mesa \u201cFuori Salone\u201d - Perego1963\" \/>\n<meta property=\"og:description\" content=\"Se trata de una mesa dise\u00f1ada con motivo del \u201cSalone del mobile\u201d edici\u00f3n 2010. Concurso \u201cDise\u00f1ador por un d\u00eda\u201d. Est\u00e1 compuesto por un doble entrelazamiento de vol\u00famenes que produce la imagen de un s\u00f3lido colgante. Adem\u00e1s hay una figura lacada l\u00facida de color blanco, mientras que la otra es de madera de palisandro natural. Dimensiones [&hellip;]\" \/>\n<meta property=\"og:url\" content=\"https:\/\/www.perego1963.it\/es\/2019\/07\/10\/tavolino-fuori-salone\/\" \/>\n<meta property=\"og:site_name\" content=\"Perego1963\" \/>\n<meta property=\"article:published_time\" content=\"2019-07-10T21:33:40+00:00\" \/>\n<meta property=\"article:modified_time\" content=\"2020-11-22T19:27:16+00:00\" \/>\n<meta property=\"og:image\" content=\"https:\/\/www.perego1963.it\/wp-content\/uploads\/2019\/07\/design_fuorisalone_1.jpg\" \/>\n\t<meta property=\"og:image:width\" content=\"1440\" \/>\n\t<meta property=\"og:image:height\" content=\"960\" \/>\n<meta name=\"twitter:card\" content=\"summary_large_image\" \/>\n<meta name=\"twitter:creator\" content=\"@PeregoEmanuele\" \/>\n<meta name=\"twitter:site\" content=\"@PeregoEmanuele\" \/>\n<meta name=\"twitter:label1\" content=\"Tiempo de lectura\">\n\t<meta name=\"twitter:data1\" content=\"0 minutos\">\n<script type=\"application\/ld+json\" class=\"yoast-schema-graph\">{\"@context\":\"https:\/\/schema.org\",\"@graph\":[{\"@type\":\"Organization\",\"@id\":\"https:\/\/www.perego1963.it\/#organization\",\"name\":\"Perego1963\",\"url\":\"https:\/\/www.perego1963.it\/\",\"sameAs\":[\"https:\/\/www.linkedin.com\/in\/emanuele-perego-5296a423\/\",\"https:\/\/twitter.com\/PeregoEmanuele\"],\"logo\":{\"@type\":\"ImageObject\",\"@id\":\"https:\/\/www.perego1963.it\/#logo\",\"inLanguage\":\"es\",\"url\":\"https:\/\/www.perego1963.it\/wp-content\/uploads\/2019\/10\/logo_perego.png\",\"width\":338,\"height\":122,\"caption\":\"Perego1963\"},\"image\":{\"@id\":\"https:\/\/www.perego1963.it\/#logo\"}},{\"@type\":\"WebSite\",\"@id\":\"https:\/\/www.perego1963.it\/#website\",\"url\":\"https:\/\/www.perego1963.it\/\",\"name\":\"Perego1963\",\"description\":\"\",\"publisher\":{\"@id\":\"https:\/\/www.perego1963.it\/#organization\"},\"potentialAction\":[{\"@type\":\"SearchAction\",\"target\":\"https:\/\/www.perego1963.it\/?s={search_term_string}\",\"query-input\":\"required name=search_term_string\"}],\"inLanguage\":\"es\"},{\"@type\":\"ImageObject\",\"@id\":\"https:\/\/www.perego1963.it\/es\/2019\/07\/10\/tavolino-fuori-salone\/#primaryimage\",\"inLanguage\":\"es\",\"url\":\"https:\/\/www.perego1963.it\/wp-content\/uploads\/2019\/07\/design_fuorisalone_1.jpg\",\"width\":1440,\"height\":960},{\"@type\":\"WebPage\",\"@id\":\"https:\/\/www.perego1963.it\/es\/2019\/07\/10\/tavolino-fuori-salone\/#webpage\",\"url\":\"https:\/\/www.perego1963.it\/es\/2019\/07\/10\/tavolino-fuori-salone\/\",\"name\":\"Mesa \\u201cFuori Salone\\u201d - Perego1963\",\"isPartOf\":{\"@id\":\"https:\/\/www.perego1963.it\/#website\"},\"primaryImageOfPage\":{\"@id\":\"https:\/\/www.perego1963.it\/es\/2019\/07\/10\/tavolino-fuori-salone\/#primaryimage\"},\"datePublished\":\"2019-07-10T21:33:40+00:00\",\"dateModified\":\"2020-11-22T19:27:16+00:00\",\"inLanguage\":\"es\",\"potentialAction\":[{\"@type\":\"ReadAction\",\"target\":[\"https:\/\/www.perego1963.it\/es\/2019\/07\/10\/tavolino-fuori-salone\/\"]}]},{\"@type\":\"Article\",\"@id\":\"https:\/\/www.perego1963.it\/es\/2019\/07\/10\/tavolino-fuori-salone\/#article\",\"isPartOf\":{\"@id\":\"https:\/\/www.perego1963.it\/es\/2019\/07\/10\/tavolino-fuori-salone\/#webpage\"},\"author\":{\"@id\":\"https:\/\/www.perego1963.it\/#\/schema\/person\/122a47c81c2df56fece23a2e8ca0ea24\"},\"headline\":\"Mesa \\u201cFuori Salone\\u201d\",\"datePublished\":\"2019-07-10T21:33:40+00:00\",\"dateModified\":\"2020-11-22T19:27:16+00:00\",\"mainEntityOfPage\":{\"@id\":\"https:\/\/www.perego1963.it\/es\/2019\/07\/10\/tavolino-fuori-salone\/#webpage\"},\"commentCount\":0,\"publisher\":{\"@id\":\"https:\/\/www.perego1963.it\/#organization\"},\"image\":{\"@id\":\"https:\/\/www.perego1963.it\/es\/2019\/07\/10\/tavolino-fuori-salone\/#primaryimage\"},\"articleSection\":\"Dise\\u00f1o industrial\",\"inLanguage\":\"es\",\"potentialAction\":[{\"@type\":\"CommentAction\",\"name\":\"Comment\",\"target\":[\"https:\/\/www.perego1963.it\/es\/2019\/07\/10\/tavolino-fuori-salone\/#respond\"]}]},{\"@type\":\"Person\",\"@id\":\"https:\/\/www.perego1963.it\/#\/schema\/person\/122a47c81c2df56fece23a2e8ca0ea24\",\"name\":\"admin\",\"image\":{\"@type\":\"ImageObject\",\"@id\":\"https:\/\/www.perego1963.it\/#personlogo\",\"inLanguage\":\"es\",\"url\":\"https:\/\/secure.gravatar.com\/avatar\/dcabd5d4bb24f1cfe00c4d5f0c557fe2?s=96&d=mm&r=g\",\"caption\":\"admin\"}}]}<\/script>\n<!-- \/ Yoast SEO plugin. -->","_links":{"self":[{"href":"https:\/\/www.perego1963.it\/es\/wp-json\/wp\/v2\/posts\/1739\/"}],"collection":[{"href":"https:\/\/www.perego1963.it\/es\/wp-json\/wp\/v2\/posts\/"}],"about":[{"href":"https:\/\/www.perego1963.it\/es\/wp-json\/wp\/v2\/types\/post\/"}],"author":[{"embeddable":true,"href":"https:\/\/www.perego1963.it\/es\/wp-json\/wp\/v2\/users\/1\/"}],"replies":[{"embeddable":true,"href":"https:\/\/www.perego1963.it\/es\/wp-json\/wp\/v2\/comments\/?post=1739"}],"version-history":[{"count":1,"href":"https:\/\/www.perego1963.it\/es\/wp-json\/wp\/v2\/posts\/1739\/revisions\/"}],"predecessor-version":[{"id":1741,"href":"https:\/\/www.perego1963.it\/es\/wp-json\/wp\/v2\/posts\/1739\/revisions\/1741\/"}],"wp:featuredmedia":[{"embeddable":true,"href":"https:\/\/www.perego1963.it\/es\/wp-json\/wp\/v2\/media\/1740\/"}],"wp:attachment":[{"href":"https:\/\/www.perego1963.it\/es\/wp-json\/wp\/v2\/media\/?parent=1739"}],"wp:term":[{"taxonomy":"category","embeddable":true,"href":"https:\/\/www.perego1963.it\/es\/wp-json\/wp\/v2\/categories\/?post=1739"},{"taxonomy":"post_tag","embeddable":true,"href":"https:\/\/www.perego1963.it\/es\/wp-json\/wp\/v2\/tags\/?post=1739"}],"curies":[{"name":"wp","href":"https:\/\/api.w.org\/{rel}","templated":true}]}}